{"id":2533,"date":"2026-04-09T09:38:58","date_gmt":"2026-04-09T07:38:58","guid":{"rendered":"https:\/\/vera-agency.com\/?p=2533"},"modified":"2026-04-10T16:54:36","modified_gmt":"2026-04-10T14:54:36","slug":"rizici-osobnog-brendiranja-zaposlenih-na-linkedinu","status":"publish","type":"post","link":"https:\/\/vera-agency.com\/bs\/rizici-osobnog-brendiranja-zaposlenih-na-linkedinu\/","title":{"rendered":"Rizici osobnog brendiranja zaposlenih na Linkedinu: kako objava mo\u017ee postati pravni problem"},"content":{"rendered":"<hr class=\"wp-block-separator has-alpha-channel-opacity\"\/>\n\n\n\n<h3 class=\"wp-block-heading\">Koliko je profesionalna komunikacija na LinkedInu rasprostranjena u Evropi?<\/h3>\n\n\n\n<p>Rizici osobnog brendiranja zaposlenih na Linkedinu mogu postati jako veliki ukoliko zaposlenici nisu upoznati sa njima odnosno slu\u0161aju\u0107i razli\u010dite online savjete krenu sa ovim procesom \"na svoju ruku\". <\/p>\n\n\n\n<p>LinkedIn vi\u0161e nije platforma koju povremeno koriste oni koji tra\u017ee posao. Postala je primarna digitalna infrastruktura za profesionalni identitet \u0161irom Europe. U prvoj polovini 2025. godine, LinkedIn je prijavio 54,7 miliona prijavljenih mjese\u010dno aktivnih korisnika samo u Evropskoj uniji, uz dodatnih 213 miliona posjeta korisnika koji nisu bili prijavljeni u istom periodu. Evropa broji vi\u0161e od 160 miliona registriranih \u010dlanova na platformi, pri \u010demu Ujedinjeno Kraljevstvo doprinosi sa 42,7 miliona, Njema\u010dka sa 18 miliona, a rast se ubrzano nastavlja u Centralnoj i Isto\u010dnoj Europi. Slovenija je zabilje\u017eila rast od 100% u broju mjese\u010dno aktivnih korisnika izme\u0111u 2024. i 2025. godine, Litvanija 50%, a \u010ce\u0161ka 33%.<\/p>\n\n\n\n<p>Ovo nisu pasivni korisnici. Linkedinovi vlastiti podaci o anga\u017emanu pokazuju platformu u aktivnoj, kontinuiranoj upotrebi unutar profesionalne radne snage. Oni koji objavljuju, komentiraju i dijele sadr\u017eaj nisu komunikacijski stru\u010dnjaci ili marketin\u0161ki timovi. To su pravnici, finansijski savjetnici, in\u017eenjeri, zdravstveni radnici, konsultanti i rukovoditelji, odnosno ljudi \u010diji profesionalni sudovi imaju te\u017einu i \u010dije rije\u010di, jednom objavljene, nose posljedice.<\/p>\n\n\n\n<p>Na nivou kompanija, slika je jednako zna\u010dajna. Prema Eurostatu, 60,9% kompanija u EU koristilo je dru\u0161tvene mre\u017ee 2023. godine, u odnosu na 36,8% u 2015. godini. Dru\u0161tvene mre\u017ee konkretno koristilo je 58,9% kompanija, \u0161to je pove\u0107anje od gotovo 25 postotnih bodova u osam godina. Krivulja usvajanja je strma i jo\u0161 uvijek raste.<\/p>\n\n\n\n<p>Ono \u0161to nije i\u0161lo u korak s ovim usvajanjem jeste upravljanje. Ve\u0107ina europskih kompanija nema formalnu politiku o tome kako njihovi zaposlenici javno komuniciraju profesionalno. Ne ni politiku dru\u0161tvenih mre\u017ea u ikakvom smislenom smislu, nikakve komunikacijske smjernice niti obuku. Klauzula povjerljivosti u ugovoru o radu i pretpostavka da \u0107e profesionalno pona\u0161anje samo po sebi slijediti.<\/p>\n\n\n\n<p>Ta pretpostavka nosi vi\u0161e rizika nego \u0161to je ve\u0107ina upravnih odbora ikad zastala razmisliti.<\/p>\n\n\n\n<hr class=\"wp-block-separator has-alpha-channel-opacity\"\/>\n\n\n\n<h3 class=\"wp-block-heading\">\u0160to zakon zapravo ka\u017ee o komunikaciji zaposlenika u Europi?<\/h3>\n\n\n\n<p>Pravni okvir koji regulira komunikaciju zaposlenika u Evropi nije nov. Novo je okru\u017eenje u kojem se primjenjuje.<\/p>\n\n\n\n<p>Obaveze povjerljivosti postoje u gotovo svakom europskom ugovoru o radu. Zahtjevi za\u0161tite podataka prema GDPR-u primjenjuju se na svaku osobnu ili komercijalno osjetljivu informaciju koja se dijeli javno. Kodeksi profesionalnog pona\u0161anja reguliraju komunikaciju u licenciranim industrijama u svim dr\u017eavama \u010dlanicama EU. Ograni\u010denja ogla\u0161avanja u finansijskim uslugama, zdravstvu i pravu name\u0107u specifi\u010dna ograni\u010denja u pogledu toga \u0161to licencirani profesionalci mogu javno re\u0107i i kako to mogu re\u0107i.<\/p>\n\n\n\n<p>Nijedan od ovih okvira nije dizajniran imaju\u0107i LinkedIn na umu. Ali u potpunosti se na njega primjenjuju.<\/p>\n\n\n\n<p>Slu\u010daj koji najjasnije ilustrira ovaj jaz jeste odluka Pariskog \u017ealbenog suda iz februara 2022. godine. Projektni menad\u017eer za istra\u017eivanje i razvoj podijelio je slike na LinkedInu iz internih tehni\u010dkih dokumenata, s namjerom da demonstrira dubinu svog profesionalnog rada. Slike su sadr\u017eavale tehni\u010dke detalje motora iz interne kompanijske dokumentacije. Poslodavac je tvrdio, a sud se slo\u017eio, da \u010dak i djelimi\u010dne tehni\u010dke informacije ove vrste mogu pru\u017eiti zna\u010dajne uvide konkurentima. Otkaz je potvr\u0111en s obrazlo\u017eenjem da je zaposlenik prekr\u0161io svoje obaveze povjerljivosti.<\/p>\n\n\n\n<p><em>(Pariski \u017ealbeni sud, 23. februara 2022., n\u00b019\/07192)<\/em><\/p>\n\n\n\n<p>Ono \u0161to ovaj slu\u010daj \u010dini pou\u010dnim nije pravni princip, koji je jasan. To je namjera iza radnje zaposlenika. Nije bio nemaran. Radio je upravo ono \u0161to mu je kultura profesionalnog razvoja govorila da radi: demonstriraj stru\u010dnost, dijeli rad, budi vidljiv. Problem je bila potpuna odsutnost bilo kakvog okvira koji bi preveo njegove obaveze povjerljivosti u prakti\u010dne smjernice za kontekst u kojem je zapravo djelovao.<\/p>\n\n\n\n<p>Taj jaz, izme\u0111u pravne obaveze i prakti\u010dnog razumijevanja \u0161to ona zna\u010di u doba profesionalnih dru\u0161tvenih mre\u017ea, tu \u017eivi ve\u0107ina europskih kompanija danas.<\/p>\n\n\n\n<hr class=\"wp-block-separator has-alpha-channel-opacity\"\/>\n\n\n\n<h3 class=\"wp-block-heading\">Koje industrije nose najve\u0107i pravni rizik od komunikacije zaposlenika?<\/h3>\n\n\n\n<p>Nije svaka komunikacija zaposlenika jednako izlo\u017eena. Relevantna razlika je izme\u0111u industrija u kojima je komunikacija pravno ograni\u010dena regulatornim okvirima, i onih u kojima je rizik primarno reputacijski i komercijalni. S druge strane bilo da se radi o visokorizi\u010dnim industrijama ili onim koje to nisu, strate\u0161ki pristup komunikaciji zaposlenih pru\u017ea cijeli raspon prilika koje kompaniji mogu donijeti velike koristi.<\/p>\n\n\n\n<p><strong>Finansijske usluge<\/strong> nalaze se na najvi\u0161em kraju pravnih ograni\u010denja. Prema MiFID II i srodnim propisima EU o finansijama, licencirani profesionalci suo\u010davaju se sa specifi\u010dnim ograni\u010denjima javnih investicijskih preporuka, finansijskih promocija i tr\u017ei\u0161nih komentara. Jedna objava koja prije\u0111e u podru\u010dje regulirane komunikacije mo\u017ee pokrenuti posljedice i za pojedinca i za instituciju, uklju\u010duju\u0107i regulatornu istragu, finansijske kazne i reputacijsku \u0161tetu koju naknadna poja\u0161njenja ne mogu u potpunosti popraviti. Ironija je u tome da finansijski stru\u010dnjak koji strate\u0161ki komunicira unutar tih granica postaje jedan od najvjerodostojnijih i najpouzdanijih glasova na svom tr\u017ei\u0161tu. Klijenti vjeruju ljudima prije nego \u0161to vjeruju institucijama. To povjerenje, izgra\u0111eno javno tokom vremena, generira dolazni posao koji ni jedan marketin\u0161ki bud\u017eet ne mo\u017ee replicirati.<\/p>\n\n\n\n<p><strong>Pravni stru\u010dnjaci<\/strong> rade prema kodeksima profesionalnog pona\u0161anja koji reguliraju ogla\u0161avanje, povjerljivost i granice izme\u0111u javnog komentara i pravnog savjeta. U ve\u0107ini evropskih jurisdikcija, nepromi\u0161ljena javna izjava ne stvara samo reputacijsku \u0161tetu, ve\u0107 mo\u017ee ugroziti licencu za prakticiranje. Pravnici koji se snalaze u ovome nisu oni koji \u0161ute. To su oni koji ta\u010dno razumiju gdje je njihova granica, koji komuniciraju jasno unutar nje i koji grade vidljivo profesionalno prisustvo koje ih \u010dini dostupnima i pouzdanima prije nego \u0161to klijent ikad uspostavi kontakt.<\/p>\n\n\n\n<p><strong>Zdravstveni i farmaceutski stru\u010dnjaci<\/strong> rade u okviru nekih od najstro\u017eih komunikacijskih ograni\u010denja u bilo kojoj industriji. Javne izjave o tretmanima, proizvodima ili klini\u010dkim ishodima nose regulatorne i obavezne posljedice koje se prote\u017eu izvan pojedinca na kompaniju ili instituciju iza njega. Agencija za evropske lijekove i nacionalna regulatorna tijela u dr\u017eavama \u010dlanicama EU provode ova ograni\u010denja, a posljedice neuskla\u0111enosti su ozbiljne. Me\u0111utim, prilika je jednako zna\u010dajna: zdravstveni stru\u010dnjak koji ta\u010dno komunicira o nauci, odgovorno kontekstualizira istra\u017eivanja i bavi se javnim zabludama gradi vrstu institucionalnog povjerenja koju nijedna reklamna kampanja ne mo\u017ee stvoriti.<\/p>\n\n\n\n<p><strong>Stru\u010dnjaci u osiguranju<\/strong> suo\u010davaju se sa strogim pravilima o tome \u0161to predstavlja savjet, promociju ili tr\u017ei\u0161ni komentar. Granica izme\u0111u profesionalnog mi\u0161ljenja i regulirane komunikacije \u010desto je nevidljiva kada je izra\u017eena u neformalnom tonu LinkedIn objave. Oni koji razumiju tu granicu i namjerno djeluju unutar nje mogu izgraditi zna\u010dajan autoritet u podru\u010dju svijesti o riziku i finansijske pismenosti, \u0161to je teritorija koja im po stru\u010dnosti pripada i kojom ni jedan alat s umjetnom inteligencijom ne mo\u017ee vjerodostojno upravljati.<\/p>\n\n\n\n<p><strong>Tehnolo\u0161ke kompanije<\/strong> imaju druga\u010diji, ali jednako ozbiljan profil rizika. Primarna izlo\u017eenost ovdje je interno znanje koje postaje javno prije nego bi trebalo, uklju\u010duju\u0107i planove razvoja proizvoda, jo\u0161 neobjavljene funkcionalnosti, tehni\u010dke ranjivosti i kompetitivnu strategiju. Vidljivi tehni\u010dki stru\u010dnjak koji nepa\u017eljivo objavljuje o svom radu mo\u017ee pokrenuti krizu a da to ne shvati. Reputacijske i pravne posljedice obi\u010dno dolaze prije nego \u0161to je ikakva politika imala prilike reagirati.<\/p>\n\n\n\n<p><strong>Energetske i komunalne kompanije<\/strong> nalaze se u jednoj od najizlo\u017eenijih industrija u Evropi trenutno. ESG obaveze, rasprave o energetskoj tranziciji i regulatorni pritisak iz okvira klimatske politike EU zna\u010de da mi\u0161ljenja zaposlenika o strategiji kompanije, izvorima energije ili ekolo\u0161koj politici imaju potencijal da postanu naslovi u medijima. U industriji u kojoj je javno povjerenje oskudno i komercijalno kriti\u010dno, upravljanje komunikacijom zaposlenika nije sporedna briga.<\/p>\n\n\n\n<p><strong>Javni sektor<\/strong> ima jedinstven profil rizika bez direktne komercijalne paralele. Jedan zaposlenik iz osjetljive vladine institucije koji objavi pogre\u0161an detalj ili pogre\u0161no mi\u0161ljenje mo\u017ee destabilizirati cijelu administraciju. Individualni rizik zavr\u0161ava karijeru. Institucionalni rizik je politi\u010dki. Ovo nije hipoteti\u010dno, dogodilo se u nekoliko dr\u017eava \u010dlanica EU u posljednjem desetlje\u0107u. Prilika koja stoji s druge strane ovog rizika je stvarna: javna uprava \u0161irom Evrope suo\u010dena je s rastu\u0107im pritiskom da bude transparentnija i bli\u017ea gra\u0111anima, a profesionalci koji komuniciraju odgovorno unutar jasnih institucionalnih smjernica zadovoljavaju stvarnu javnu potrebu.<\/p>\n\n\n\n<p><strong><a href=\"https:\/\/vera-agency.com\/bs\/osobni-brending-u-konsaltingu-ai-eri\/\">Konsultantske i firme profesionalnih usluga<\/a><\/strong> nemaju specifi\u010dnih pravnih ograni\u010denja, ali nose zna\u010dajan komercijalni rizik. Mi\u0161ljenja o klijentima, konkurentima i industrijskim kretanjima putuju brzo i ostaju online zauvijek. Rizik od naru\u0161avanja odnosa s klijentima, konkurentske pozicije ili ugleda kompanije putem javne izjave je stvaran i potcijenjen. Konsultanti koji izgrade najja\u010de prakse su oni koji javno komuniciraju o svojoj metodologiji i perspektivi, koji postaju stru\u010dnjaci kojima je potencijalni klijent ve\u0107 odlu\u010dio vjerovati prije prvog sastanka.<\/p>\n\n\n\n<p><strong>Nekretnine<\/strong> u mjeri u kojoj malo koje industrije funkcioniraju na osobnoj reputaciji. Tr\u017ei\u0161na mi\u0161ljenja, procjene nekretnina i odnosi s klijentima komercijalno su osjetljivi. Jedna nepromi\u0161ljena objava u industriji vo\u0111enoj odnosima mo\u017ee naru\u0161iti povjerenje koje je gradnjom trajalo godinama. Stru\u010dnjak koji to dobro upravlja, koji je javno vidljiv, koji primjereno dijeli tr\u017ei\u0161na znanja i demonstrira stru\u010dnost bez zadiranja u komercijalno osjetljivo podru\u010dje, postaje prvi poziv.<\/p>\n\n\n\n<p><strong>Obrazovanje i istra\u017eivanje<\/strong> predstavlja sve zna\u010dajniji rizik kako akademici razvijaju javne profile i institucionalni doseg. Izjave o politi\u010dki ili znanstveno spornim temama imaju te\u017einu i posljedice koje se prote\u017eu izvan pojedinca na instituciju. Mogu\u0107nost je jednako jasna: istra\u017eiva\u010d koji javno komunicira o svom radu, pristupa\u010dno obja\u0161njava nalaze i uklju\u010duje se u javnu raspravu gradi utjecaj koji ubrzava i karijeru i institucionalno prepoznavanje.<\/p>\n\n\n\n<hr class=\"wp-block-separator has-alpha-channel-opacity\"\/>\n\n\n\n<h3 class=\"wp-block-heading\">Za\u0161to ve\u0107ina evropskih kompanija nema politiku za ovo?<\/h3>\n\n\n\n<p>Odsustvo upravljanja u ovoj oblasti nije nemarnost. Odra\u017eava to kako je problem kategoriziran, ili ta\u010dnije, kako je pao izme\u0111u kategorija.<\/p>\n\n\n\n<p>Timovi za uskla\u0111enost upravljaju reguliranim pona\u0161anjem. Komunikacijski odjeli upravljaju brendom i porukama. Pravni odjel upravlja ugovorima o zaposlenju. Niko ne posjeduje sjeci\u0161te sva tri, ono \u0161to se doga\u0111a kada profesionalac s regulatornim obavezama, klauzulom povjerljivosti i osobnim LinkedIn pratiteljima odlu\u010di pisati o svom radu u utorak poslijepodne.<\/p>\n\n\n\n<p>Postoji i strukturalna pretpostavka koja je u igri. Zadana uvjerenje u ve\u0107ini organizacija je da \u0107e kombinacija profesionalne obuke, zdravog razuma i ugovornih obaveza biti dovoljna za sprje\u010davanje ozbiljnih komunikacijskih gre\u0161aka. To uvjerenje je bilo razumno prije trenutnog okru\u017eenja profesionalnih dru\u0161tvenih mre\u017ea. Manje je razumno sada, kada isti zaposlenik koji savr\u0161eno razumije svoje obaveze u sobi za sastanke mo\u017eda ne prepoznaje da se one primjenjuju i na objavu koju se sprema objaviti.<\/p>\n\n\n\n<p>Pari\u0161ki slu\u010daj to precizno ilustrira. Zaposlenik nije bio svjestan da postoje obaveze povjerljivosti. Nije bio svjestan da ono \u0161to radi predstavlja njihovo kr\u0161enje.<\/p>\n\n\n\n<hr class=\"wp-block-separator has-alpha-channel-opacity\"\/>\n\n\n\n<h3 class=\"wp-block-heading\">\u0160to zapravo zahtijeva u\u010dinkovito upravljanje komunikacijom zaposlenika?<\/h3>\n\n\n\n<p>Odgovor na ovo pitanje nije politika dru\u0161tvenih mre\u017ea pohranjena u HR sistemu. Politi\u010dki dokument ne mijenja pona\u0161anje. Ono \u0161to mijenja pona\u0161anje su prevo\u0111enje, obuka i uskla\u0111ivanje.<\/p>\n\n\n\n<p><strong>Prevo\u0111enje<\/strong> zna\u010di pretvaranje pravnih obaveza u prakti\u010dne komunikacijske smjernice. Svaki ugovor o radu u Evropi sadr\u017ei klauzulu povjerljivosti. Gotovo nijedan ne obja\u0161njava \u0161to povjerljivost zna\u010di u kontekstu LinkedIn objave o projektu na koji je zaposlenik ponosan. To prevo\u0111enje, od pravnog principa do prakti\u010dnog primjera, s konkretnim smjernicama o tome \u0161to se mo\u017ee dijeliti, \u0161to zahtijeva odobrenje i \u0161to je zabranjeno, temeljni je posao.<\/p>\n\n\n\n<p><strong>Kontinuirana edukacija<\/strong> zna\u010di tretirati komunikacijski rizik na isti na\u010din na koji regulirane industrije tretiraju druge zahtjeve uskla\u0111enosti: ne kao jednokratno dokumentacijsko vje\u017ebanje, ve\u0107 kao redovnu, prakti\u010dnu obuku koja prati kako se platforma i profesionalno okru\u017eenje zapravo koriste.<\/p>\n\n\n\n<p><strong>Strate\u0161ko uskla\u0111ivanje<\/strong> je mjesto gdje se odvija prijelaz od upravljanja rizicima do kompetitivne prednosti. Zaposlenici koji predstavljaju pravni i reputacijski rizik kada komuniciraju bez smjernica isti su zaposlenici koji predstavljaju zna\u010dajnu komercijalnu imovinu kada komuniciraju s njima. Strukturiranje te aktivnosti, povezivanje individualne vidljivosti s pozicioniranjem kompanije, poja\u0161njavanje \u0161to slu\u017ei interesima organizacije i \u0161to stvara rizik, transformira obavezu u kanal.<\/p>\n\n\n\n<p>Taj kanal, jednom uspostavljen, radi ne\u0161to \u0161to ni jedan reklamni izdatak ne mo\u017ee replicirati. Postavlja specifi\u010dan ljudski sud pred ljude koji trebaju donositi odluke gdje je specifi\u010dan ljudski sud upravo ono \u0161to tra\u017ee.<\/p>\n\n\n\n<hr class=\"wp-block-separator has-alpha-channel-opacity\"\/>\n\n\n\n<h3 class=\"wp-block-heading\">Zaklju\u010dak: Rizik nije u komunikaciji. Rizik je u komunikaciji bez okvira.<\/h3>\n\n\n\n<p>Profesionalci opisani u ovom \u010dlanku nisu komunikacijski problem koji \u010deka da se dogodi. U ve\u0107ini slu\u010dajeva, to su upravo oni koje bi njihove organizacije trebale \u017eeljeti vidjeti kako javno govore, iskusne, vjerodostojne i sposobne izgraditi vrstu povjerenja koju nijedna reklamna kampanja ne mo\u017ee stvoriti.<\/p>\n\n\n\n<p>Problem nije u tome \u0161to su vidljivi. Problem je \u0161to vidljivost bez strukture stvara izlo\u017eenost koju ve\u0107ina europskih kompanija nije mapirala, u regulatornom okru\u017eenju koje nije dizajnirano s LinkedInom na umu, ali se u potpunosti primjenjuje na njega bez obzira na to.<\/p>\n\n\n\n<p>Pariski slu\u010daj koristan je upravo zato \u0161to nije bio dramati\u010dan propust u prosu\u0111ivanju. Bio je to obi\u010dan profesionalac koji radi ne\u0161to \u0161to obi\u010dni profesionalci svakodnevno rade \u0161irom Europe, i koji je otkrio, prekasno, da su se pravila koja je razumio u sobi za sastanke jednako primjenjivala na objavu koju je objavio u utorak poslijepodne.<\/p>\n\n\n\n<p>To je taj jaz. Nije zlonamjernost ili  nepa\u017enja niti nepoznavanje zakona u bilo kakvom op\u0161tem smislu. Jednostavno odsustvo okvira koji povezuje ono \u0161to ljudi ve\u0107 znaju o svojim profesionalnim obavezama sa specifi\u010dnim kontekstom u kojem se od njih sada o\u010dekuje da komuniciraju.<\/p>\n\n\n\n<p>Kompanije koje izgrade taj okvir ne smanjuju samo rizik. Dobijaju ne\u0161to \u0161to njihova konkurencija ostavlja na stolu, kanal koji je ve\u0107 aktivan, ve\u0107 vjerodostojan i ve\u0107 pouzdan. Jedino pitanje je radi li za organizaciju ili jednostavno djeluje bez nje.<\/p>\n\n\n\n<h2 class=\"wp-block-heading\">\u0160ta mo\u017eete uraditi sada:<\/h2>\n\n\n\n<p>Ako ovo prepoznajete  u svojoj organizaciji, postoje dva mjesta od kojih mo\u017eete po\u010deti. VERA nudi <a href=\"https:\/\/vera-agency.com\/bs\/product\/corporate-personal-branding-workshops\/\" data-type=\"link\" data-id=\"https:\/\/vera-agency.com\/bs\/product\/corporate-personal-branding-workshops\/\">radionice za zaposlenike i menad\u017ement timove,<\/a> poma\u017eu\u0107i profesionalcima da se lak\u0161e javno pozicioniraju, razumiju gdje su granice i bez rizika izgrade temelj za kori\u0161tenje svake prilike koju javna komunikacija stvara.<\/p>\n\n\n\n<p>A ako niste sigurni gdje va\u0161a kompanija trenutno stoji, mo\u017eete odmah ispuniti na\u0161 <a href=\"https:\/\/bunny-wp-pullzone-flpxzdhwe1.b-cdn.net\/wp-content\/uploads\/2025\/08\/PERSONAL-COMMUNICATION-RISK-CHECK-1.pdf\" data-type=\"link\" data-id=\"https:\/\/bunny-wp-pullzone-flpxzdhwe1.b-cdn.net\/wp-content\/uploads\/2025\/08\/PERSONAL-COMMUNICATION-RISK-CHECK-1.pdf\" target=\"_blank\" rel=\"noopener\"> formular za samoprocjenu. <\/a>i provjeriti <a href=\"https:\/\/bunny-wp-pullzone-flpxzdhwe1.b-cdn.net\/wp-content\/uploads\/2025\/08\/NAPRAVITE-KORAK-NAPRIJED-1.pdf\" data-type=\"link\" data-id=\"https:\/\/bunny-wp-pullzone-flpxzdhwe1.b-cdn.net\/wp-content\/uploads\/2025\/08\/NAPRAVITE-KORAK-NAPRIJED-1.pdf\" target=\"_blank\" rel=\"noopener\">kako radionica izgleda u praksi.<\/a><\/p>\n\n\n\n<p><\/p>\n\n\n\n<p><strong>Izvori<\/strong><\/p>\n\n\n\n<p>LinkedIn DSA Transparency Reports, H1 i H2 2025 - socialmediatoday.com<\/p>\n\n\n\n<p>DataReportal, LinkedIn Essential Statistics, januar 2025. - datareportal.com<\/p>\n\n\n\n<p>Eurostat, ICT Usage in Enterprises, 2023. - ec.europa.eu\/eurostat<\/p>\n\n\n\n<p>Cognism, LinkedIn Statistics 2025. - cognism.com\/blog\/linkedin-statistics<\/p>\n\n\n\n<p>Sprout Social, Social Media in Europe - sproutsocial.com<\/p>\n\n\n\n<p>pettauer.net, LinkedIn Usage in Europe 2025\/2026 - pettauer.net<\/p>\n\n\n\n<p>Pariski \u017ealbeni sud, 23. februara 2022., n\u00b019\/07192<\/p>\n\n\n\n<p>MiFID II, Direktiva 2014\/65\/EU - Europski parlament i Vije\u0107e<\/p>\n\n\n\n<p>EU Digital Services Act (DSA), Uredba (EU) 2022\/2065<\/p>\n\n\n\n<p>GDPR, Uredba (EU) 2016\/679<\/p>\n\n\n\n<p>NapoleonCat, LinkedIn Users in Germany 2024. - stats.napoleoncat.com<\/p>","protected":false},"excerpt":{"rendered":"<p>54,7 miliona profesionalaca aktivno je na LinkedInu u Evropi. Ve\u0107ina njih radi za kompanije koje nemaju formalne smjernice o tome kako zaposlenici trebaju javno komunicirati. U reguliranim industrijama kao \u0161to su finansijske usluge, pravo, zdravstvo i osiguranje, taj propust nije samo reputacijski rizik. To je i pravni rizik. Ovaj \u010dlanak analizira regulatorni okvir, sudske predmete i ono \u0161to upravljanje komunikacijom zaposlenika zapravo zahtijeva u deset evropskih industrija.<\/p>","protected":false},"author":2,"featured_media":2534,"comment_status":"closed","ping_status":"closed","sticky":false,"template":"","format":"standard","meta":{"_acf_changed":false,"footnotes":""},"categories":[103],"tags":[394,386,392,393,390,389,387,399,391,398,395,396,397,184,388,67],"class_list":["post-2533","post","type-post","status-publish","format-standard","has-post-thumbnail","hentry","category-strategija-osobnog-brendinga-ceo","tag-izvrsni-osobni-brending","tag-komunikacijska-uskladenost-zaposlenika","tag-linkedin-europa","tag-obaveze-povjerljivosti-zaposlenika","tag-osobni-brending-bec","tag-osobni-brending-europa","tag-osobni-brending-regulirane-industrije","tag-osobni-brending-u-finansijama","tag-osobni-brending-u-pravu","tag-politika-drustvenih-mreza-europa","tag-pravni-rizik-linkedin","tag-profesionalna-vidljivost-europa","tag-rizici-komunikacije-zaposlenika","tag-upravljanje-reputacijom","tag-upravljanje-reputacijskim-rizikom","tag-vera-agency"],"acf":[],"_links":{"self":[{"href":"https:\/\/vera-agency.com\/bs\/wp-json\/wp\/v2\/posts\/2533","targetHints":{"allow":["GET"]}}],"collection":[{"href":"https:\/\/vera-agency.com\/bs\/wp-json\/wp\/v2\/posts"}],"about":[{"href":"https:\/\/vera-agency.com\/bs\/wp-json\/wp\/v2\/types\/post"}],"author":[{"embeddable":true,"href":"https:\/\/vera-agency.com\/bs\/wp-json\/wp\/v2\/users\/2"}],"replies":[{"embeddable":true,"href":"https:\/\/vera-agency.com\/bs\/wp-json\/wp\/v2\/comments?post=2533"}],"version-history":[{"count":4,"href":"https:\/\/vera-agency.com\/bs\/wp-json\/wp\/v2\/posts\/2533\/revisions"}],"predecessor-version":[{"id":2539,"href":"https:\/\/vera-agency.com\/bs\/wp-json\/wp\/v2\/posts\/2533\/revisions\/2539"}],"wp:featuredmedia":[{"embeddable":true,"href":"https:\/\/vera-agency.com\/bs\/wp-json\/wp\/v2\/media\/2534"}],"wp:attachment":[{"href":"https:\/\/vera-agency.com\/bs\/wp-json\/wp\/v2\/media?parent=2533"}],"wp:term":[{"taxonomy":"category","embeddable":true,"href":"https:\/\/vera-agency.com\/bs\/wp-json\/wp\/v2\/categories?post=2533"},{"taxonomy":"post_tag","embeddable":true,"href":"https:\/\/vera-agency.com\/bs\/wp-json\/wp\/v2\/tags?post=2533"}],"curies":[{"name":"wp","href":"https:\/\/api.w.org\/{rel}","templated":true}]}}